{"id":198,"count":2,"description":"Ein besonderer Anlass? Mit dem Premium-Ballonfahrt k\u00f6nnen Sie eine herrliche Ballonfahrt exklusiv mit Ihrem Piloten und den von Ihnen ausgew\u00e4hlten Begleitern dieses sch\u00f6nen Luftabenteuers genie\u00dfen. \u00dcber den Genfer See, aber auch \u00fcber Freiburg oder Neuch\u00e2tel, ohne das Pays-d'Enhaut oder den Jura zu vergessen... w\u00e4hlen Sie die Region Ihres Fluges. Zus\u00e4tzlich zu Ihrem privaten Flug erhalten Sie Fotos, die von unserem Team aufgenommen wurden. Nach dem Flug genie\u00dfen Sie ein paar s\u00fc\u00dfe oder salzige Leckereien!    ","link":"https:\/\/www.ballons-du-leman.ch\/de\/Produktkategorie\/unsere-ballonfahrten\/premium-ballonfahrt\/","name":"Premium-Ballonfahrt","slug":"premium-ballonfahrt","taxonomy":"product_cat","parent":193,"meta":[],"acf":[],"yoast_head":"<!-- This site is optimized with the Yoast SEO plugin v26.5 - https:\/\/yoast.com\/wordpress\/plugins\/seo\/ -->\n<title>Archives des Premium-Ballonfahrt | Ballons du L\u00e9man<\/title>\n<meta name=\"robots\" content=\"index, follow, max-snippet:-1, max-image-preview:large, max-video-preview:-1\" \/>\n<link rel=\"canonical\" href=\"https:\/\/www.ballons-du-leman.ch\/de\/Produktkategorie\/unsere-ballonfahrten\/premium-ballonfahrt\/\" \/>\n<meta property=\"og:locale\" content=\"de_DE\" \/>\n<meta property=\"og:type\" content=\"article\" \/>\n<meta property=\"og:title\" content=\"Archives des Premium-Ballonfahrt | Ballons du L\u00e9man\" \/>\n<meta property=\"og:description\" content=\"Ein besonderer Anlass? Mit dem Premium-Ballonfahrt k\u00f6nnen Sie eine herrliche Ballonfahrt exklusiv mit Ihrem Piloten und den von Ihnen ausgew\u00e4hlten Begleitern dieses sch\u00f6nen Luftabenteuers genie\u00dfen. \u00dcber den Genfer See, aber auch \u00fcber Freiburg oder Neuch\u00e2tel, ohne das Pays-d&#8217;Enhaut oder den Jura zu vergessen&#8230; w\u00e4hlen Sie die Region Ihres Fluges. Zus\u00e4tzlich zu Ihrem privaten Flug erhalten Sie Fotos, die von unserem Team aufgenommen wurden. Nach dem Flug genie\u00dfen Sie ein paar s\u00fc\u00dfe oder salzige Leckereien!\" \/>\n<meta property=\"og:url\" content=\"https:\/\/www.ballons-du-leman.ch\/de\/Produktkategorie\/unsere-ballonfahrten\/premium-ballonfahrt\/\" \/>\n<meta property=\"og:site_name\" content=\"Ballons du L\u00e9man\" \/>\n<meta property=\"og:image\" content=\"https:\/\/www.ballons-du-leman.ch\/wp-content\/uploads\/2024\/01\/vol-montgolfiere-annecy-mont-blanc-alpes-2-1536x863-1.jpg\" \/>\n\t<meta property=\"og:image:width\" content=\"1536\" \/>\n\t<meta property=\"og:image:height\" content=\"863\" \/>\n\t<meta property=\"og:image:type\" content=\"image\/jpeg\" \/>\n<meta name=\"twitter:card\" content=\"summary_large_image\" \/>\n<!-- \/ Yoast SEO plugin. -->","yoast_head_json":{"title":"Archives des Premium-Ballonfahrt | Ballons du L\u00e9man","robots":{"index":"index","follow":"follow","max-snippet":"max-snippet:-1","max-image-preview":"max-image-preview:large","max-video-preview":"max-video-preview:-1"},"canonical":"https:\/\/www.ballons-du-leman.ch\/de\/Produktkategorie\/unsere-ballonfahrten\/premium-ballonfahrt\/","og_locale":"de_DE","og_type":"article","og_title":"Archives des Premium-Ballonfahrt | Ballons du L\u00e9man","og_description":"Ein besonderer Anlass? Mit dem Premium-Ballonfahrt k\u00f6nnen Sie eine herrliche Ballonfahrt exklusiv mit Ihrem Piloten und den von Ihnen ausgew\u00e4hlten Begleitern dieses sch\u00f6nen Luftabenteuers genie\u00dfen. \u00dcber den Genfer See, aber auch \u00fcber Freiburg oder Neuch\u00e2tel, ohne das Pays-d&#8217;Enhaut oder den Jura zu vergessen&#8230; w\u00e4hlen Sie die Region Ihres Fluges. Zus\u00e4tzlich zu Ihrem privaten Flug erhalten Sie Fotos, die von unserem Team aufgenommen wurden. Nach dem Flug genie\u00dfen Sie ein paar s\u00fc\u00dfe oder salzige Leckereien!","og_url":"https:\/\/www.ballons-du-leman.ch\/de\/Produktkategorie\/unsere-ballonfahrten\/premium-ballonfahrt\/","og_site_name":"Ballons du L\u00e9man","og_image":[{"width":1536,"height":863,"url":"https:\/\/www.ballons-du-leman.ch\/wp-content\/uploads\/2024\/01\/vol-montgolfiere-annecy-mont-blanc-alpes-2-1536x863-1.jpg","type":"image\/jpeg"}],"twitter_card":"summary_large_image","schema":{"@context":"https:\/\/schema.org","@graph":[{"@type":"CollectionPage","@id":"https:\/\/www.ballons-du-leman.ch\/de\/Produktkategorie\/unsere-ballonfahrten\/premium-ballonfahrt\/","url":"https:\/\/www.ballons-du-leman.ch\/de\/Produktkategorie\/unsere-ballonfahrten\/premium-ballonfahrt\/","name":"Archives des Premium-Ballonfahrt | Ballons du L\u00e9man","isPartOf":{"@id":"https:\/\/www.ballons-du-leman.ch\/de\/#website"},"breadcrumb":{"@id":"https:\/\/www.ballons-du-leman.ch\/de\/Produktkategorie\/unsere-ballonfahrten\/premium-ballonfahrt\/#breadcrumb"},"inLanguage":"de"},{"@type":"BreadcrumbList","@id":"https:\/\/www.ballons-du-leman.ch\/de\/Produktkategorie\/unsere-ballonfahrten\/premium-ballonfahrt\/#breadcrumb","itemListElement":[{"@type":"ListItem","position":1,"name":"Accueil","item":"https:\/\/www.ballons-du-leman.ch\/de\/startseite\/"},{"@type":"ListItem","position":2,"name":"Unsere Ballonfahrten","item":"https:\/\/www.ballons-du-leman.ch\/de\/Produktkategorie\/unsere-ballonfahrten\/"},{"@type":"ListItem","position":3,"name":"Premium-Ballonfahrt"}]},{"@type":"WebSite","@id":"https:\/\/www.ballons-du-leman.ch\/de\/#website","url":"https:\/\/www.ballons-du-leman.ch\/de\/","name":"Ballons du L\u00e9man","description":"Vols en montgolfi\u00e8re en Suisse","publisher":{"@id":"https:\/\/www.ballons-du-leman.ch\/de\/#organization"},"potentialAction":[{"@type":"SearchAction","target":{"@type":"EntryPoint","urlTemplate":"https:\/\/www.ballons-du-leman.ch\/de\/?s={search_term_string}"},"query-input":{"@type":"PropertyValueSpecification","valueRequired":true,"valueName":"search_term_string"}}],"inLanguage":"de"},{"@type":"Organization","@id":"https:\/\/www.ballons-du-leman.ch\/de\/#organization","name":"Ballons du L\u00e9man","url":"https:\/\/www.ballons-du-leman.ch\/de\/","logo":{"@type":"ImageObject","inLanguage":"de","@id":"https:\/\/www.ballons-du-leman.ch\/de\/#\/schema\/logo\/image\/","url":"https:\/\/www.ballons-du-leman.ch\/wp-content\/uploads\/2024\/02\/logo-ballons-du-leman.png","contentUrl":"https:\/\/www.ballons-du-leman.ch\/wp-content\/uploads\/2024\/02\/logo-ballons-du-leman.png","width":868,"height":868,"caption":"Ballons du L\u00e9man"},"image":{"@id":"https:\/\/www.ballons-du-leman.ch\/de\/#\/schema\/logo\/image\/"},"sameAs":["https:\/\/www.facebook.com\/BallonsDuLeman","https:\/\/www.youtube.com\/channel\/UCnBvk8L2WR7TIB8RnaKCdBw","https:\/\/www.instagram.com\/ballonsduleman"]}]}},"cat_url":"https:\/\/www.ballons-du-leman.ch\/de\/Produktkategorie\/unsere-ballonfahrten\/premium-ballonfahrt\/","_links":{"self":[{"href":"https:\/\/www.ballons-du-leman.ch\/de\/wp-json\/wp\/v2\/product_cat\/198","targetHints":{"allow":["GET"]}}],"collection":[{"href":"https:\/\/www.ballons-du-leman.ch\/de\/wp-json\/wp\/v2\/product_cat"}],"about":[{"href":"https:\/\/www.ballons-du-leman.ch\/de\/wp-json\/wp\/v2\/taxonomies\/product_cat"}],"up":[{"embeddable":true,"href":"https:\/\/www.ballons-du-leman.ch\/de\/wp-json\/wp\/v2\/product_cat\/193"}],"wp:post_type":[{"href":"https:\/\/www.ballons-du-leman.ch\/de\/wp-json\/wp\/v2\/product?product_cat=198"}],"curies":[{"name":"wp","href":"https:\/\/api.w.org\/{rel}","templated":true}]}}